{"id":2083,"date":"2024-10-23T09:44:22","date_gmt":"2024-10-23T09:44:22","guid":{"rendered":"https:\/\/grupalvid.com\/?p=2083"},"modified":"2024-10-23T09:44:24","modified_gmt":"2024-10-23T09:44:24","slug":"celebramos-25-anos-dedicados-a-construir-suenos","status":"publish","type":"post","link":"https:\/\/grupalvid.com\/es\/celebramos-25-anos-dedicados-a-construir-suenos\/","title":{"rendered":"Celebramos 25 a\u00f1os dedicados a construir sue\u00f1os!"},"content":{"rendered":"<h2><b>Estamos de aniversario!<\/b><\/h2>\n<p>Celebramos un hito muy especial: \u00a125 a\u00f1os dedicados a construir sue\u00f1os, creando nuevas vivencias y dise\u00f1ando nuevos espacios que perduran en el tiempo!<\/p>\n<p>Durante estos a\u00f1os, hemos tenido el privilegio de transformar ideas en realidades y de crear nuevos ambientes que responden a las necesidades de nuestros clientes, d\u00e1ndoles una nueva vida a trav\u00e9s de nuestra experiencia, a la vez que hemos contribuido al desarrollo de nuestro querido pueblo, Sant Pere de Ribes, adecuando espacios p\u00fablicos para hacerlos m\u00e1s atractivos y funcionales para todos. Adem\u00e1s, tambi\u00e9n hemos protegido nuestros edificios hist\u00f3ricos, como el Castillo de Ribes, rehabilit\u00e1ndolo para recuperar su belleza.<\/p>\n<p>Cada proyecto ha sido una oportunidad para innovar, aprender y crecer. Siempre trabajando con los mejores profesionales, \u00a1y as\u00ed seguiremos!<\/p>\n<p>Desde nuestros inicios, nuestro compromiso y objetivo ha sido ayudaros a sacarle todo su potencial a vuestro proyecto de vida, convirti\u00e9ndolo en un lugar m\u00e1gico donde dese\u00e1is estar.<\/p>\n<p>Queremos agradecer a todos los que han sido parte de este viaje: nuestros trabajadores, clientes, arquitectos, proveedores, industriales y administraciones p\u00fablicas. Sin vuestra confianza y apoyo, no estar\u00edamos donde estamos hoy.<\/p>\n<p>\u00bfNos acompa\u00f1amos 25 a\u00f1os m\u00e1s construyendo juntos? Nosotros, como siempre, os ayudaremos y nos dejaremos la piel en cada proyecto.<\/p>\n<p>Gracias por ser parte de nuestra historia.<\/p>\n","protected":false},"excerpt":{"rendered":"<p>Estamos de aniversario! Celebramos un hito muy especial: \u00a125 a\u00f1os dedicados a construir sue\u00f1os, creando nuevas vivencias y dise\u00f1ando nuevos espacios que perduran en el tiempo! Durante estos a\u00f1os, hemos tenido el privilegio de transformar ideas en realidades y de crear nuevos ambientes que responden&#8230;<\/p>\n","protected":false},"author":3,"featured_media":2087,"comment_status":"closed","ping_status":"closed","sticky":false,"template":"","format":"standard","meta":{"footnotes":""},"categories":[40],"tags":[],"class_list":["post-2083","post","type-post","status-publish","format-standard","has-post-thumbnail","hentry","category-sin-categorizar"],"_links":{"self":[{"href":"https:\/\/grupalvid.com\/es\/wp-json\/wp\/v2\/posts\/2083","targetHints":{"allow":["GET"]}}],"collection":[{"href":"https:\/\/grupalvid.com\/es\/wp-json\/wp\/v2\/posts"}],"about":[{"href":"https:\/\/grupalvid.com\/es\/wp-json\/wp\/v2\/types\/post"}],"author":[{"embeddable":true,"href":"https:\/\/grupalvid.com\/es\/wp-json\/wp\/v2\/users\/3"}],"replies":[{"embeddable":true,"href":"https:\/\/grupalvid.com\/es\/wp-json\/wp\/v2\/comments?post=2083"}],"version-history":[{"count":0,"href":"https:\/\/grupalvid.com\/es\/wp-json\/wp\/v2\/posts\/2083\/revisions"}],"wp:featuredmedia":[{"embeddable":true,"href":"https:\/\/grupalvid.com\/es\/wp-json\/wp\/v2\/media\/2087"}],"wp:attachment":[{"href":"https:\/\/grupalvid.com\/es\/wp-json\/wp\/v2\/media?parent=2083"}],"wp:term":[{"taxonomy":"category","embeddable":true,"href":"https:\/\/grupalvid.com\/es\/wp-json\/wp\/v2\/categories?post=2083"},{"taxonomy":"post_tag","embeddable":true,"href":"https:\/\/grupalvid.com\/es\/wp-json\/wp\/v2\/tags?post=2083"}],"curies":[{"name":"wp","href":"https:\/\/api.w.org\/{rel}","templated":true}]}}